{"id":3118,"date":"2026-07-09T12:54:11","date_gmt":"2026-07-09T09:54:11","guid":{"rendered":"https:\/\/fondas.ateitininkai.lt\/?p=3118"},"modified":"2026-07-09T12:58:44","modified_gmt":"2026-07-09T09:58:44","slug":"ateitininku-fondo-valdyba-aptare-darbus-paramos-telkima-ir-ateitininku-rumu-ateiti","status":"publish","type":"post","link":"https:\/\/fondas.ateitininkai.lt\/en\/ateitininku-fondo-valdyba-aptare-darbus-paramos-telkima-ir-ateitininku-rumu-ateiti\/","title":{"rendered":"Ateitinink\u0173 Fondas Board Discussed Its Work, Fundraising and the Future of the Ateitininkai Palace"},"content":{"rendered":"<p>Last Friday, a meeting of the Ateitinink\u0173 Fondas Board took place at the Ateitininkai Palace in Kaunas. The meeting focused on the most important work carried out in recent years, the Fund\u2019s financial position, fundraising priorities and the future vision for the Ateitininkai Palace.<\/p>\n\n\n\n<h3 class=\"wp-block-heading\"><strong>Growing Value of the Fund and the Girnius Family Subfund<\/strong><\/h3>\n\n\n\n<p>The Fund\u2019s work and the growing value of its assets were presented to the Fund\u2019s stakeholders \u2014 the Archbishops of Vilnius and Kaunas. It was emphasised that the endowment fund model makes it possible to create long-term support for Ateitininkai activities, rather than relying on one-off donations.<\/p>\n\n\n\n<p>The most significant event of the year was identified as the generous EUR 100,000 donation made to the Fund by historian and public figure Saulius Girnius. On the basis of this donation, the Girnius Family Subfund was established within Ateitinink\u0173 Fondas. It will operate on the principle of endowment capital: preserving and growing the capital, while using the investment return to support the activities of young Ateitininkai. <a href=\"https:\/\/fondas.ateitininkai.lt\/en\/gauta-100-tukst-eur-parama-subfondo-steigimui\/\" title=\"\">\u012fsteigtas Girni\u0173 \u0161eimos subfondas<\/a>. Jis veiks nelie\u010diamojo kapitalo principu: i\u0161saugant ir auginant kapital\u0105, i\u0161 investicij\u0173 gr\u0105\u017eos bus remiama moksleivi\u0173 ateitinink\u0173 veikla.<\/p>\n\n\n\n<div class=\"wp-block-uagb-image uagb-block-2369b74f wp-block-uagb-image--layout-default wp-block-uagb-image--effect-static wp-block-uagb-image--align-none\"><figure class=\"wp-block-uagb-image__figure\"><img decoding=\"async\" src=\"https:\/\/fondas.ateitininkai.lt\/wp-content\/uploads\/2026\/07\/image-1024x1024.jpeg\" alt=\"\" width=\"1024\" height=\"1024\" title=\"\" loading=\"lazy\" role=\"img\" \/><\/figure><\/div>\n\n\n\n<h3 class=\"wp-block-heading\"><strong>Focus on Fundraising and the New Fund Website<\/strong><\/h3>\n\n\n\n<p>The meeting also discussed how Ateitinink\u0173 Fondas can more effectively engage Ateitininkai, their friends and the wider community in long-term giving. This year, together with Fr Jonas Puod\u017ei\u016bnas, an online seminar on fundraising for Ateitininkai was organised. It addressed practical ways of raising funds, the culture of inviting people to contribute and the involvement of the community.<a href=\"https:\/\/fondas.ateitininkai.lt\/en\/kun-jono-puodziuno-paskaita-darbuote-nuo-idejos-iki-paramos-kaip-pritraukti-lesu-ateitininku-misijai\/\" title=\"\"> internetinis seminaras apie l\u0117\u0161\u0173 pritraukim\u0105 ateitininkams<\/a>. Jame kalb\u0117ta apie praktinius paramos telkimo b\u016bdus, kvietimo prisid\u0117ti kult\u016br\u0105 ir bendruomen\u0117s \u012fsitraukim\u0105.<\/p>\n\n\n\n<p>The Fund\u2019s website was also presented, describing the Fund\u2019s goals, news and opportunities to contribute. The new website should strengthen the Fund\u2019s accountability, help communicate its mission more widely and make it easier for those who wish to contribute to the financing of Ateitininkai activities.<\/p>\n\n\n\n<h3 class=\"wp-block-heading\"><strong>NB: for more information, check full version of the article in Lithuanian language version.<\/strong><\/h3>\n\n\n\n<p>Ypa\u010d svarbi susitikimo dalis buvo dialogas su moksleivi\u0173 ateitinink\u0173 veikl\u0173 organizatoriais. <a href=\"https:\/\/www.ateitininkai.lt\/kontaktai?sectionId=12\" title=\"\">Moksleivi\u0173 ateitinink\u0173 s\u0105jungos valdybos<\/a> atstovai Elena Nedzinskait\u0117 ir Balys \u017dalnieravi\u010dius bei Akademij\u0173 komiteto atstov\u0117 Emilija Agota Kucinien\u0117 aptar\u0117 moksleivi\u0173 ateitinink\u0173 veiklos aktualijas, kartu su Fondo valdyba kalb\u0117josi apie galimas bendradarbiavimo kryptis.<\/p>\n\n\n\n<h3 class=\"wp-block-heading\"><strong>Ateitinink\u0173 r\u016bmai ir ateities vizija<\/strong><\/h3>\n\n\n\n<p>Atskiras d\u0117mesys skirtas <a href=\"https:\/\/kaunas2022.eu\/modernizmasateiciai\/ateitininku-rumai\/index.html\" title=\"\">Ateitinink\u0173 r\u016bmams<\/a>. Valdyba aptar\u0117 vykstan\u010dio restitucijos proceso eig\u0105 ir parengt\u0105 verslo plan\u0105, kuriame numatoma, kaip Ateitinink\u0173 r\u016bmai, \u012fvykd\u017eius restitucij\u0105, bus panaudoti ateitinink\u0173 poreikiams. R\u016bm\u0173 klausimas i\u0161lieka strateginis, tod\u0117l Fondo valdyba toliau vertins praktinius, finansinius ir organizacinius \u017eingsnius, reikalingus \u0161iai vizijai \u012fgyvendinti.<\/p>\n\n\n\n<h3 class=\"wp-block-heading\"><strong>Artimiausi darbai<\/strong><\/h3>\n\n\n\n<p>Susitikimas baigtas aptariant artimiausius \u017eingsnius: stiprinti Fondo administracinius procesus, t\u0119sti paramos telkimo iniciatyvas, paruo\u0161ti moksleivi\u0173 ateitinink\u0173 paramos model\u012f, palaikyti reguliar\u0173 dialog\u0105 su dalininkais ir toliau dirbti prie Ateitinink\u0173 r\u016bm\u0173 ateities plano. Ateitinink\u0173 fondas d\u0117koja aukotojams, dalininkams, Ateitinink\u0173 federacijos atstovams ir visiems geros valios \u017emon\u0117ms, kurie prisideda prie ilgalaik\u0117s paramos Ateitininkijai.<\/p>","protected":false},"excerpt":{"rendered":"<p>Pra\u0117jus\u012f penktadien\u012f Ateitinink\u0173 r\u016bmuose Kaune \u012fvyko Ateitinink\u0173 fondo valdybos pos\u0117dis. Susitikime aptarti svarbiausi pastar\u0173j\u0173 met\u0173 darbai, Fondo finansin\u0117 pad\u0117tis, paramos telkimo kryptys ir Ateitinink\u0173 r\u016bm\u0173 ateities vizija. Auganti Fondo vert\u0117 ir Girni\u0173 \u0161eimos subfondas Fondo dalininkams \u2013 Vilniaus ir Kauno arkivyskupams \u2013 buvo pristatyti Fondo darbai, auganti aktyv\u0173 vert\u0117. Pabr\u0117\u017eta, kad nelie\u010diamojo kapitalo fondo modelis [&hellip;]<\/p>\n","protected":false},"author":1,"featured_media":3122,"comment_status":"closed","ping_status":"open","sticky":false,"template":"","format":"standard","meta":{"_uag_custom_page_level_css":"","_monsterinsights_skip_tracking":false,"footnotes":""},"categories":[1],"tags":[],"class_list":["post-3118","post","type-post","status-publish","format-standard","has-post-thumbnail","hentry","category-uncategorized"],"aioseo_notices":[],"uagb_featured_image_src":{"full":["https:\/\/fondas.ateitininkai.lt\/wp-content\/uploads\/2026\/07\/IMG_0546-scaled.jpg",2560,1919,false],"thumbnail":["https:\/\/fondas.ateitininkai.lt\/wp-content\/uploads\/2026\/07\/IMG_0546-150x150.jpg",150,150,true],"medium":["https:\/\/fondas.ateitininkai.lt\/wp-content\/uploads\/2026\/07\/IMG_0546-300x225.jpg",300,225,true],"medium_large":["https:\/\/fondas.ateitininkai.lt\/wp-content\/uploads\/2026\/07\/IMG_0546-768x576.jpg",768,576,true],"large":["https:\/\/fondas.ateitininkai.lt\/wp-content\/uploads\/2026\/07\/IMG_0546-1024x768.jpg",1024,768,true],"1536x1536":["https:\/\/fondas.ateitininkai.lt\/wp-content\/uploads\/2026\/07\/IMG_0546-1536x1152.jpg",1536,1152,true],"2048x2048":["https:\/\/fondas.ateitininkai.lt\/wp-content\/uploads\/2026\/07\/IMG_0546-2048x1535.jpg",2048,1535,true],"trp-custom-language-flag":["https:\/\/fondas.ateitininkai.lt\/wp-content\/uploads\/2026\/07\/IMG_0546-16x12.jpg",16,12,true]},"uagb_author_info":{"display_name":"m.pilkis@gmail.com","author_link":"https:\/\/fondas.ateitininkai.lt\/en\/author\/m-pilkisgmail-com\/"},"uagb_comment_info":0,"uagb_excerpt":"Pra\u0117jus\u012f penktadien\u012f Ateitinink\u0173 r\u016bmuose Kaune \u012fvyko Ateitinink\u0173 fondo valdybos pos\u0117dis. Susitikime aptarti svarbiausi pastar\u0173j\u0173 met\u0173 darbai, Fondo finansin\u0117 pad\u0117tis, paramos telkimo kryptys ir Ateitinink\u0173 r\u016bm\u0173 ateities vizija. Auganti Fondo vert\u0117 ir Girni\u0173 \u0161eimos subfondas Fondo dalininkams \u2013 Vilniaus ir Kauno arkivyskupams \u2013 buvo pristatyti Fondo darbai, auganti aktyv\u0173 vert\u0117. Pabr\u0117\u017eta, kad nelie\u010diamojo kapitalo fondo modelis&hellip;","_links":{"self":[{"href":"https:\/\/fondas.ateitininkai.lt\/en\/wp-json\/wp\/v2\/posts\/3118","targetHints":{"allow":["GET"]}}],"collection":[{"href":"https:\/\/fondas.ateitininkai.lt\/en\/wp-json\/wp\/v2\/posts"}],"about":[{"href":"https:\/\/fondas.ateitininkai.lt\/en\/wp-json\/wp\/v2\/types\/post"}],"author":[{"embeddable":true,"href":"https:\/\/fondas.ateitininkai.lt\/en\/wp-json\/wp\/v2\/users\/1"}],"replies":[{"embeddable":true,"href":"https:\/\/fondas.ateitininkai.lt\/en\/wp-json\/wp\/v2\/comments?post=3118"}],"version-history":[{"count":1,"href":"https:\/\/fondas.ateitininkai.lt\/en\/wp-json\/wp\/v2\/posts\/3118\/revisions"}],"predecessor-version":[{"id":3120,"href":"https:\/\/fondas.ateitininkai.lt\/en\/wp-json\/wp\/v2\/posts\/3118\/revisions\/3120"}],"wp:featuredmedia":[{"embeddable":true,"href":"https:\/\/fondas.ateitininkai.lt\/en\/wp-json\/wp\/v2\/media\/3122"}],"wp:attachment":[{"href":"https:\/\/fondas.ateitininkai.lt\/en\/wp-json\/wp\/v2\/media?parent=3118"}],"wp:term":[{"taxonomy":"category","embeddable":true,"href":"https:\/\/fondas.ateitininkai.lt\/en\/wp-json\/wp\/v2\/categories?post=3118"},{"taxonomy":"post_tag","embeddable":true,"href":"https:\/\/fondas.ateitininkai.lt\/en\/wp-json\/wp\/v2\/tags?post=3118"}],"curies":[{"name":"wp","href":"https:\/\/api.w.org\/{rel}","templated":true}]}}